{"id":1514,"date":"2020-06-25T08:00:35","date_gmt":"2020-06-25T07:00:35","guid":{"rendered":"https:\/\/www.anciens-isp-lille.com\/?p=1514"},"modified":"2020-06-25T09:07:49","modified_gmt":"2020-06-25T08:07:49","slug":"deces-de-labbe-tieffry","status":"publish","type":"post","link":"https:\/\/www.anciens-isp-lille.com\/?p=1514","title":{"rendered":"D\u00e9c\u00e8s de Pierre-Yves LEROY"},"content":{"rendered":"\n<p>Nous apprenons le d\u00e9c\u00e8s de  Pierre-Yves LEROY, professeur d&#8217;Histoire G\u00e9ographie en Coll\u00e8ge Il nous laisse le souvenir d&#8217;un enseignant engag\u00e9 pour ses \u00e9l\u00e8ves, comme au sein du Comit\u00e9 d&#8217;entreprise de l&#8217;\u00c9tablissement Saint Pierre et plus r\u00e9cemment encore, de l&#8217;Ensemble Scolaire La Salle Lille. <\/p>\n\n\n\n<figure class=\"wp-block-image\"><img loading=\"lazy\" decoding=\"async\" width=\"678\" height=\"960\" src=\"https:\/\/www.anciens-isp-lille.com\/wp-content\/uploads\/2020\/06\/Deces.jpg\" alt=\"\" class=\"wp-image-1520\" srcset=\"https:\/\/www.anciens-isp-lille.com\/wp-content\/uploads\/2020\/06\/Deces.jpg 678w, https:\/\/www.anciens-isp-lille.com\/wp-content\/uploads\/2020\/06\/Deces-212x300.jpg 212w\" sizes=\"(max-width: 678px) 100vw, 678px\" \/><\/figure>\n\n\n\n<figure class=\"wp-block-image\"><img loading=\"lazy\" decoding=\"async\" width=\"776\" height=\"357\" src=\"https:\/\/www.anciens-isp-lille.com\/wp-content\/uploads\/2020\/06\/D\u00e9c\u00e8s-Message-HTML-.jpg\" alt=\"\" class=\"wp-image-1521\" srcset=\"https:\/\/www.anciens-isp-lille.com\/wp-content\/uploads\/2020\/06\/D\u00e9c\u00e8s-Message-HTML-.jpg 776w, https:\/\/www.anciens-isp-lille.com\/wp-content\/uploads\/2020\/06\/D\u00e9c\u00e8s-Message-HTML--300x138.jpg 300w, https:\/\/www.anciens-isp-lille.com\/wp-content\/uploads\/2020\/06\/D\u00e9c\u00e8s-Message-HTML--768x353.jpg 768w\" sizes=\"(max-width: 776px) 100vw, 776px\" \/><\/figure>\n","protected":false},"excerpt":{"rendered":"<p>Nous apprenons le d\u00e9c\u00e8s de Pierre-Yves LEROY, professeur d&#8217;Histoire G\u00e9ographie en Coll\u00e8ge Il nous laisse le souvenir d&#8217;un enseignant engag\u00e9 pour ses \u00e9l\u00e8ves, comme au sein du Comit\u00e9 d&#8217;entreprise de l&#8217;\u00c9tablissement Saint Pierre et plus r\u00e9cemment encore, de l&#8217;Ensemble Scolaire La Salle Lille.<\/p>\n","protected":false},"author":2,"featured_media":0,"comment_status":"closed","ping_status":"closed","sticky":false,"template":"","format":"standard","meta":{"footnotes":""},"categories":[1],"tags":[],"_links":{"self":[{"href":"https:\/\/www.anciens-isp-lille.com\/index.php?rest_route=\/wp\/v2\/posts\/1514"}],"collection":[{"href":"https:\/\/www.anciens-isp-lille.com\/index.php?rest_route=\/wp\/v2\/posts"}],"about":[{"href":"https:\/\/www.anciens-isp-lille.com\/index.php?rest_route=\/wp\/v2\/types\/post"}],"author":[{"embeddable":true,"href":"https:\/\/www.anciens-isp-lille.com\/index.php?rest_route=\/wp\/v2\/users\/2"}],"replies":[{"embeddable":true,"href":"https:\/\/www.anciens-isp-lille.com\/index.php?rest_route=%2Fwp%2Fv2%2Fcomments&post=1514"}],"version-history":[{"count":2,"href":"https:\/\/www.anciens-isp-lille.com\/index.php?rest_route=\/wp\/v2\/posts\/1514\/revisions"}],"predecessor-version":[{"id":1522,"href":"https:\/\/www.anciens-isp-lille.com\/index.php?rest_route=\/wp\/v2\/posts\/1514\/revisions\/1522"}],"wp:attachment":[{"href":"https:\/\/www.anciens-isp-lille.com\/index.php?rest_route=%2Fwp%2Fv2%2Fmedia&parent=1514"}],"wp:term":[{"taxonomy":"category","embeddable":true,"href":"https:\/\/www.anciens-isp-lille.com\/index.php?rest_route=%2Fwp%2Fv2%2Fcategories&post=1514"},{"taxonomy":"post_tag","embeddable":true,"href":"https:\/\/www.anciens-isp-lille.com\/index.php?rest_route=%2Fwp%2Fv2%2Ftags&post=1514"}],"curies":[{"name":"wp","href":"https:\/\/api.w.org\/{rel}","templated":true}]}}