{"id":1593,"date":"2021-10-22T10:26:26","date_gmt":"2021-10-22T09:26:26","guid":{"rendered":"https:\/\/www.anciens-isp-lille.com\/?p=1593"},"modified":"2021-10-22T10:26:28","modified_gmt":"2021-10-22T09:26:28","slug":"assemblee-generale-et-repas-des-anciens-date-a-retenir","status":"publish","type":"post","link":"https:\/\/www.anciens-isp-lille.com\/?p=1593","title":{"rendered":"Assembl\u00e9e G\u00e9n\u00e9rale et Repas des Anciens &#8211; Date \u00e0 retenir"},"content":{"rendered":"\n<p>La date fix\u00e9e est le <strong>samedi 12 mars 2022<\/strong>.<\/p>\n\n\n\n<p>L&#8217;Assembl\u00e9e G\u00e9n\u00e9rale est fix\u00e9e \u00e0 10h suivie de l&#8217;ap\u00e9ritif et repas dans un des selfs.<\/p>\n\n\n\n<p>Apr\u00e8s le repas, visite de l&#8217;ensemble scolaire.<\/p>\n\n\n\n<p>Mr Delvall\u00e9e, directeur de l&#8217;institution interviendra pour pr\u00e9senter l&#8217;\u00e9tablissement en d\u00e9but de rencontre.<\/p>\n","protected":false},"excerpt":{"rendered":"<p>La date fix\u00e9e est le samedi 12 mars 2022. L&#8217;Assembl\u00e9e G\u00e9n\u00e9rale est fix\u00e9e \u00e0 10h suivie de l&#8217;ap\u00e9ritif et repas dans un des selfs. Apr\u00e8s le repas, visite de l&#8217;ensemble scolaire. Mr Delvall\u00e9e, directeur de l&#8217;institution interviendra pour pr\u00e9senter l&#8217;\u00e9tablissement en d\u00e9but de rencontre.<\/p>\n","protected":false},"author":2,"featured_media":0,"comment_status":"closed","ping_status":"closed","sticky":false,"template":"","format":"standard","meta":{"footnotes":""},"categories":[12],"tags":[],"_links":{"self":[{"href":"https:\/\/www.anciens-isp-lille.com\/index.php?rest_route=\/wp\/v2\/posts\/1593"}],"collection":[{"href":"https:\/\/www.anciens-isp-lille.com\/index.php?rest_route=\/wp\/v2\/posts"}],"about":[{"href":"https:\/\/www.anciens-isp-lille.com\/index.php?rest_route=\/wp\/v2\/types\/post"}],"author":[{"embeddable":true,"href":"https:\/\/www.anciens-isp-lille.com\/index.php?rest_route=\/wp\/v2\/users\/2"}],"replies":[{"embeddable":true,"href":"https:\/\/www.anciens-isp-lille.com\/index.php?rest_route=%2Fwp%2Fv2%2Fcomments&post=1593"}],"version-history":[{"count":1,"href":"https:\/\/www.anciens-isp-lille.com\/index.php?rest_route=\/wp\/v2\/posts\/1593\/revisions"}],"predecessor-version":[{"id":1594,"href":"https:\/\/www.anciens-isp-lille.com\/index.php?rest_route=\/wp\/v2\/posts\/1593\/revisions\/1594"}],"wp:attachment":[{"href":"https:\/\/www.anciens-isp-lille.com\/index.php?rest_route=%2Fwp%2Fv2%2Fmedia&parent=1593"}],"wp:term":[{"taxonomy":"category","embeddable":true,"href":"https:\/\/www.anciens-isp-lille.com\/index.php?rest_route=%2Fwp%2Fv2%2Fcategories&post=1593"},{"taxonomy":"post_tag","embeddable":true,"href":"https:\/\/www.anciens-isp-lille.com\/index.php?rest_route=%2Fwp%2Fv2%2Ftags&post=1593"}],"curies":[{"name":"wp","href":"https:\/\/api.w.org\/{rel}","templated":true}]}}