{"id":1819,"date":"2023-11-05T16:46:57","date_gmt":"2023-11-05T15:46:57","guid":{"rendered":"https:\/\/www.anciens-isp-lille.com\/?p=1819"},"modified":"2023-11-05T16:46:59","modified_gmt":"2023-11-05T15:46:59","slug":"deces-de-jean-louis-caron","status":"publish","type":"post","link":"https:\/\/www.anciens-isp-lille.com\/?p=1819","title":{"rendered":"D\u00e9c\u00e8s de Jean Louis Caron"},"content":{"rendered":"\n<p>Monsieur Jean Louis Caron est un ancien \u00e9l\u00e8ve de l&#8217;Institution Saint Pierre, puis professeur de math\u00e9matiques dans ce m\u00eame \u00e9tablissement avant de devenir directeur de l&#8217;Ecole Saint Jean Baptiste de La Salle.<\/p>\n\n\n\n<p>Il \u00e9tait \u00e9galement ancien membre de la chorale de I S P.<\/p>\n\n\n\n<figure class=\"wp-block-image size-large\"><a href=\"https:\/\/www.anciens-isp-lille.com\/wp-content\/uploads\/2023\/11\/IMG-20231101-WA0004.jpg\"><img loading=\"lazy\" decoding=\"async\" width=\"791\" height=\"1024\" src=\"https:\/\/www.anciens-isp-lille.com\/wp-content\/uploads\/2023\/11\/IMG-20231101-WA0004-791x1024.jpg\" alt=\"\" class=\"wp-image-1820\" srcset=\"https:\/\/www.anciens-isp-lille.com\/wp-content\/uploads\/2023\/11\/IMG-20231101-WA0004-791x1024.jpg 791w, https:\/\/www.anciens-isp-lille.com\/wp-content\/uploads\/2023\/11\/IMG-20231101-WA0004-232x300.jpg 232w, https:\/\/www.anciens-isp-lille.com\/wp-content\/uploads\/2023\/11\/IMG-20231101-WA0004-768x994.jpg 768w, https:\/\/www.anciens-isp-lille.com\/wp-content\/uploads\/2023\/11\/IMG-20231101-WA0004-1187x1536.jpg 1187w, https:\/\/www.anciens-isp-lille.com\/wp-content\/uploads\/2023\/11\/IMG-20231101-WA0004-750x971.jpg 750w, https:\/\/www.anciens-isp-lille.com\/wp-content\/uploads\/2023\/11\/IMG-20231101-WA0004.jpg 1236w\" sizes=\"(max-width: 791px) 100vw, 791px\" \/><\/a><\/figure>\n","protected":false},"excerpt":{"rendered":"<p>Monsieur Jean Louis Caron est un ancien \u00e9l\u00e8ve de l&#8217;Institution Saint Pierre, puis professeur de math\u00e9matiques dans ce m\u00eame \u00e9tablissement avant de devenir directeur de l&#8217;Ecole Saint Jean Baptiste de La Salle. Il \u00e9tait \u00e9galement ancien membre de la chorale de I S P.<\/p>\n","protected":false},"author":2,"featured_media":0,"comment_status":"closed","ping_status":"closed","sticky":false,"template":"","format":"standard","meta":{"footnotes":""},"categories":[25],"tags":[],"_links":{"self":[{"href":"https:\/\/www.anciens-isp-lille.com\/index.php?rest_route=\/wp\/v2\/posts\/1819"}],"collection":[{"href":"https:\/\/www.anciens-isp-lille.com\/index.php?rest_route=\/wp\/v2\/posts"}],"about":[{"href":"https:\/\/www.anciens-isp-lille.com\/index.php?rest_route=\/wp\/v2\/types\/post"}],"author":[{"embeddable":true,"href":"https:\/\/www.anciens-isp-lille.com\/index.php?rest_route=\/wp\/v2\/users\/2"}],"replies":[{"embeddable":true,"href":"https:\/\/www.anciens-isp-lille.com\/index.php?rest_route=%2Fwp%2Fv2%2Fcomments&post=1819"}],"version-history":[{"count":1,"href":"https:\/\/www.anciens-isp-lille.com\/index.php?rest_route=\/wp\/v2\/posts\/1819\/revisions"}],"predecessor-version":[{"id":1821,"href":"https:\/\/www.anciens-isp-lille.com\/index.php?rest_route=\/wp\/v2\/posts\/1819\/revisions\/1821"}],"wp:attachment":[{"href":"https:\/\/www.anciens-isp-lille.com\/index.php?rest_route=%2Fwp%2Fv2%2Fmedia&parent=1819"}],"wp:term":[{"taxonomy":"category","embeddable":true,"href":"https:\/\/www.anciens-isp-lille.com\/index.php?rest_route=%2Fwp%2Fv2%2Fcategories&post=1819"},{"taxonomy":"post_tag","embeddable":true,"href":"https:\/\/www.anciens-isp-lille.com\/index.php?rest_route=%2Fwp%2Fv2%2Ftags&post=1819"}],"curies":[{"name":"wp","href":"https:\/\/api.w.org\/{rel}","templated":true}]}}