{"id":1931,"date":"2024-06-04T19:27:50","date_gmt":"2024-06-04T18:27:50","guid":{"rendered":"https:\/\/www.anciens-isp-lille.com\/?p=1931"},"modified":"2024-06-04T19:27:52","modified_gmt":"2024-06-04T18:27:52","slug":"deces-de-jacques-vanhoutte","status":"publish","type":"post","link":"https:\/\/www.anciens-isp-lille.com\/?p=1931","title":{"rendered":"D\u00e9c\u00e8s de Jacques Vanhoutte"},"content":{"rendered":"\n<p>Nous avons le regret d&#8217;apprendre le d\u00e9c\u00e8s de Mr Jacques Vanhoutte en cette fin de semaine.<\/p>\n\n\n\n<p>Il fut professeur de fran\u00e7ais au coll\u00e8ge et s&#8217;occupait aussi de la pastorale et des professions de foi.<\/p>\n\n\n\n<p><\/p>\n\n\n\n<p> Toutes nos pens\u00e9es pour ses 3 filles et sa famille.<\/p>\n\n\n\n<figure class=\"wp-block-image size-full\"><a href=\"https:\/\/www.anciens-isp-lille.com\/wp-content\/uploads\/2024\/06\/445459396_10161761148494728_2164822277854628225_n.jpg\"><img loading=\"lazy\" decoding=\"async\" width=\"720\" height=\"1015\" src=\"https:\/\/www.anciens-isp-lille.com\/wp-content\/uploads\/2024\/06\/445459396_10161761148494728_2164822277854628225_n.jpg\" alt=\"\" class=\"wp-image-1932\" srcset=\"https:\/\/www.anciens-isp-lille.com\/wp-content\/uploads\/2024\/06\/445459396_10161761148494728_2164822277854628225_n.jpg 720w, https:\/\/www.anciens-isp-lille.com\/wp-content\/uploads\/2024\/06\/445459396_10161761148494728_2164822277854628225_n-213x300.jpg 213w\" sizes=\"(max-width: 720px) 100vw, 720px\" \/><\/a><\/figure>\n","protected":false},"excerpt":{"rendered":"<p>Nous avons le regret d&#8217;apprendre le d\u00e9c\u00e8s de Mr Jacques Vanhoutte en cette fin de semaine. Il fut professeur de fran\u00e7ais au coll\u00e8ge et s&#8217;occupait aussi de la pastorale et des professions de foi. Toutes nos pens\u00e9es pour ses 3 filles et sa famille.<\/p>\n","protected":false},"author":2,"featured_media":0,"comment_status":"closed","ping_status":"closed","sticky":false,"template":"","format":"standard","meta":{"footnotes":""},"categories":[1],"tags":[],"_links":{"self":[{"href":"https:\/\/www.anciens-isp-lille.com\/index.php?rest_route=\/wp\/v2\/posts\/1931"}],"collection":[{"href":"https:\/\/www.anciens-isp-lille.com\/index.php?rest_route=\/wp\/v2\/posts"}],"about":[{"href":"https:\/\/www.anciens-isp-lille.com\/index.php?rest_route=\/wp\/v2\/types\/post"}],"author":[{"embeddable":true,"href":"https:\/\/www.anciens-isp-lille.com\/index.php?rest_route=\/wp\/v2\/users\/2"}],"replies":[{"embeddable":true,"href":"https:\/\/www.anciens-isp-lille.com\/index.php?rest_route=%2Fwp%2Fv2%2Fcomments&post=1931"}],"version-history":[{"count":1,"href":"https:\/\/www.anciens-isp-lille.com\/index.php?rest_route=\/wp\/v2\/posts\/1931\/revisions"}],"predecessor-version":[{"id":1933,"href":"https:\/\/www.anciens-isp-lille.com\/index.php?rest_route=\/wp\/v2\/posts\/1931\/revisions\/1933"}],"wp:attachment":[{"href":"https:\/\/www.anciens-isp-lille.com\/index.php?rest_route=%2Fwp%2Fv2%2Fmedia&parent=1931"}],"wp:term":[{"taxonomy":"category","embeddable":true,"href":"https:\/\/www.anciens-isp-lille.com\/index.php?rest_route=%2Fwp%2Fv2%2Fcategories&post=1931"},{"taxonomy":"post_tag","embeddable":true,"href":"https:\/\/www.anciens-isp-lille.com\/index.php?rest_route=%2Fwp%2Fv2%2Ftags&post=1931"}],"curies":[{"name":"wp","href":"https:\/\/api.w.org\/{rel}","templated":true}]}}