{"id":1986,"date":"2025-02-01T09:43:21","date_gmt":"2025-02-01T08:43:21","guid":{"rendered":"https:\/\/www.anciens-isp-lille.com\/?p=1986"},"modified":"2025-02-01T09:43:23","modified_gmt":"2025-02-01T08:43:23","slug":"deces-de-bernard-jansen-ancien-eleve-directeur-financier","status":"publish","type":"post","link":"https:\/\/www.anciens-isp-lille.com\/?p=1986","title":{"rendered":"D\u00e9c\u00e8s de Bernard Jansen, ancien \u00e9l\u00e8ve \/ directeur financier"},"content":{"rendered":"\n<p>Nous avons le regret de vous annoncer le d\u00e9c\u00e8s de Bernard Jansen, ancien \u00e9l\u00e8ve mais \u00e9galement directeur financier<\/p>\n\n\n\n<p>de l&#8217;Institution Saint Pierre durant quelques ann\u00e9es.<\/p>\n\n\n\n<p>Bernard fut membre de l&#8217;Association des Anciens, vice pr\u00e9sident au sein du Comit\u00e9.<\/p>\n\n\n\n<p>Si vous ne pouvez pas assister aux fun\u00e9railles, une pens\u00e9e pour lui, pour Nathalie, son \u00e9pouse et pour sa famille.<\/p>\n\n\n\n<p><\/p>\n\n\n\n<figure class=\"wp-block-image size-full\"><a href=\"https:\/\/www.anciens-isp-lille.com\/wp-content\/uploads\/2025\/02\/Faire-part-B.-JANSEN.jpg\"><img loading=\"lazy\" decoding=\"async\" width=\"621\" height=\"871\" src=\"https:\/\/www.anciens-isp-lille.com\/wp-content\/uploads\/2025\/02\/Faire-part-B.-JANSEN.jpg\" alt=\"\" class=\"wp-image-1987\" srcset=\"https:\/\/www.anciens-isp-lille.com\/wp-content\/uploads\/2025\/02\/Faire-part-B.-JANSEN.jpg 621w, https:\/\/www.anciens-isp-lille.com\/wp-content\/uploads\/2025\/02\/Faire-part-B.-JANSEN-214x300.jpg 214w\" sizes=\"(max-width: 621px) 100vw, 621px\" \/><\/a><\/figure>\n","protected":false},"excerpt":{"rendered":"<p>Nous avons le regret de vous annoncer le d\u00e9c\u00e8s de Bernard Jansen, ancien \u00e9l\u00e8ve mais \u00e9galement directeur financier de l&#8217;Institution Saint Pierre durant quelques ann\u00e9es. Bernard fut membre de l&#8217;Association des Anciens, vice pr\u00e9sident au sein du Comit\u00e9. Si vous ne pouvez pas assister aux fun\u00e9railles, une pens\u00e9e pour lui, pour Nathalie, son \u00e9pouse et &hellip; <\/p>\n<p><a class=\"more-link btn\" href=\"https:\/\/www.anciens-isp-lille.com\/?p=1986\">Lire la suite<\/a><\/p>\n","protected":false},"author":2,"featured_media":0,"comment_status":"closed","ping_status":"closed","sticky":false,"template":"","format":"standard","meta":{"footnotes":""},"categories":[16],"tags":[],"_links":{"self":[{"href":"https:\/\/www.anciens-isp-lille.com\/index.php?rest_route=\/wp\/v2\/posts\/1986"}],"collection":[{"href":"https:\/\/www.anciens-isp-lille.com\/index.php?rest_route=\/wp\/v2\/posts"}],"about":[{"href":"https:\/\/www.anciens-isp-lille.com\/index.php?rest_route=\/wp\/v2\/types\/post"}],"author":[{"embeddable":true,"href":"https:\/\/www.anciens-isp-lille.com\/index.php?rest_route=\/wp\/v2\/users\/2"}],"replies":[{"embeddable":true,"href":"https:\/\/www.anciens-isp-lille.com\/index.php?rest_route=%2Fwp%2Fv2%2Fcomments&post=1986"}],"version-history":[{"count":1,"href":"https:\/\/www.anciens-isp-lille.com\/index.php?rest_route=\/wp\/v2\/posts\/1986\/revisions"}],"predecessor-version":[{"id":1988,"href":"https:\/\/www.anciens-isp-lille.com\/index.php?rest_route=\/wp\/v2\/posts\/1986\/revisions\/1988"}],"wp:attachment":[{"href":"https:\/\/www.anciens-isp-lille.com\/index.php?rest_route=%2Fwp%2Fv2%2Fmedia&parent=1986"}],"wp:term":[{"taxonomy":"category","embeddable":true,"href":"https:\/\/www.anciens-isp-lille.com\/index.php?rest_route=%2Fwp%2Fv2%2Fcategories&post=1986"},{"taxonomy":"post_tag","embeddable":true,"href":"https:\/\/www.anciens-isp-lille.com\/index.php?rest_route=%2Fwp%2Fv2%2Ftags&post=1986"}],"curies":[{"name":"wp","href":"https:\/\/api.w.org\/{rel}","templated":true}]}}