{"id":22,"date":"2009-02-16T07:42:13","date_gmt":"2009-02-16T06:42:13","guid":{"rendered":"http:\/\/127.0.0.1\/wordpress\/?p=22"},"modified":"2009-02-16T07:42:13","modified_gmt":"2009-02-16T06:42:13","slug":"regis-lecareux","status":"publish","type":"post","link":"https:\/\/www.anciens-isp-lille.com\/?p=22","title":{"rendered":"R\u00e9gis Lecareux"},"content":{"rendered":"<p>&#8211; R\u00e9gis Lecareux souhaite rassembler la promo 73 : Cela va faire 35 ans que nous avons eu notre bac et que nous avons quitt\u00e9 St Pierre.<br \/>\nTant d&#8217;eau a coul\u00e9 sous les ponts et tant de choses ont chang\u00e9es que nous devons avoir beaucoup d&#8217;histoires \u00e0 nous raconter. Et si nous pouvions nous retrouver dans une bonne taverne flamande ou dans un bon petit resto lillois pour esssayer de rattraper un peu de ce temps perdu ! Cela pourrait \u00eatre amusant de ne pas se reconnaitre et de se red\u00e9couvrir un peu. Nous pourrions \u00e9galement par la m\u00eame occasion organiser une petite visite \u00e0 St Pierre qui nous a tant apport\u00e9<br \/>\n<span style=\"color: #ff0000;\">waglec@cegetel.net<\/span><\/p>\n","protected":false},"excerpt":{"rendered":"<p>&#8211; R\u00e9gis Lecareux souhaite rassembler la promo 73 : Cela va faire 35 ans que nous avons eu notre bac et que nous avons quitt\u00e9 St Pierre. Tant d&#8217;eau a coul\u00e9 sous les ponts et tant de choses ont chang\u00e9es que nous devons avoir beaucoup d&#8217;histoires \u00e0 nous raconter. Et si nous pouvions nous retrouver &hellip; <\/p>\n<p><a class=\"more-link btn\" href=\"https:\/\/www.anciens-isp-lille.com\/?p=22\">Lire la suite<\/a><\/p>\n","protected":false},"author":1,"featured_media":0,"comment_status":"open","ping_status":"open","sticky":false,"template":"","format":"standard","meta":{"footnotes":""},"categories":[4],"tags":[],"_links":{"self":[{"href":"https:\/\/www.anciens-isp-lille.com\/index.php?rest_route=\/wp\/v2\/posts\/22"}],"collection":[{"href":"https:\/\/www.anciens-isp-lille.com\/index.php?rest_route=\/wp\/v2\/posts"}],"about":[{"href":"https:\/\/www.anciens-isp-lille.com\/index.php?rest_route=\/wp\/v2\/types\/post"}],"author":[{"embeddable":true,"href":"https:\/\/www.anciens-isp-lille.com\/index.php?rest_route=\/wp\/v2\/users\/1"}],"replies":[{"embeddable":true,"href":"https:\/\/www.anciens-isp-lille.com\/index.php?rest_route=%2Fwp%2Fv2%2Fcomments&post=22"}],"version-history":[{"count":1,"href":"https:\/\/www.anciens-isp-lille.com\/index.php?rest_route=\/wp\/v2\/posts\/22\/revisions"}],"predecessor-version":[{"id":23,"href":"https:\/\/www.anciens-isp-lille.com\/index.php?rest_route=\/wp\/v2\/posts\/22\/revisions\/23"}],"wp:attachment":[{"href":"https:\/\/www.anciens-isp-lille.com\/index.php?rest_route=%2Fwp%2Fv2%2Fmedia&parent=22"}],"wp:term":[{"taxonomy":"category","embeddable":true,"href":"https:\/\/www.anciens-isp-lille.com\/index.php?rest_route=%2Fwp%2Fv2%2Fcategories&post=22"},{"taxonomy":"post_tag","embeddable":true,"href":"https:\/\/www.anciens-isp-lille.com\/index.php?rest_route=%2Fwp%2Fv2%2Ftags&post=22"}],"curies":[{"name":"wp","href":"https:\/\/api.w.org\/{rel}","templated":true}]}}